{"id":38504,"date":"2026-09-01T10:50:00","date_gmt":"2026-09-01T15:50:00","guid":{"rendered":"https:\/\/unintep.edu.co\/portal\/?p=38504"},"modified":"2026-09-02T22:01:05","modified_gmt":"2026-09-03T03:01:05","slug":"unintep-y-gobernacion-de-narino-articulan-esfuerzos-para-fortalecer-la-educacion-agropecuaria-y-profesional-de-los-jovenes","status":"publish","type":"post","link":"https:\/\/unintep.edu.co\/portal\/unintep-y-gobernacion-de-narino-articulan-esfuerzos-para-fortalecer-la-educacion-agropecuaria-y-profesional-de-los-jovenes\/","title":{"rendered":"UNINTEP y Gobernaci\u00f3n de Nari\u00f1o articulan esfuerzos para fortalecer la educaci\u00f3n agropecuaria y profesional de los j\u00f3venes."},"content":{"rendered":"\n<p class=\"wp-block-paragraph\"><\/p>\n\n\n\n<p class=\"wp-block-paragraph\"><\/p>\n\n\n\n<p class=\"wp-block-paragraph\"><\/p>\n","protected":false},"excerpt":{"rendered":"<p>\ud83d\udcd6 El rector de UNINTEP participando en Pasto, Nari\u00f1o, en reuni\u00f3n con diferentes actores acad\u00e9micos y gubernamentales con el fin de construir un plan de trabajo que lleve a la Gobernaci\u00f3n de Nari\u00f1o a armonizar el proyecto de fortalecimiento de las instituciones agropecuarias de educaci\u00f3n b\u00e1sica y media con los requerimientos de la Instituci\u00f3n Universitaria de Roldanillo &#8211; UNINTEP<\/p>\n","protected":false},"author":6,"featured_media":38505,"comment_status":"closed","ping_status":"closed","sticky":false,"template":"","format":"standard","meta":{"_price":"","_stock":"","_tribe_ticket_header":"","_tribe_default_ticket_provider":"","_tribe_ticket_capacity":"0","_ticket_start_date":"","_ticket_end_date":"","_tribe_ticket_show_description":"","_tribe_ticket_show_not_going":false,"_tribe_ticket_use_global_stock":"","_tribe_ticket_global_stock_level":"","_global_stock_mode":"","_global_stock_cap":"","_tribe_rsvp_for_event":"","_tribe_ticket_going_count":"","_tribe_ticket_not_going_count":"","_tribe_tickets_list":"[]","_tribe_ticket_has_attendee_info_fields":false,"footnotes":""},"categories":[188,187,266,299],"tags":[1727,1731,1730,1728,1729,1732,1726],"class_list":["post-38504","post","type-post","status-publish","format-standard","has-post-thumbnail","hentry","category-galerias","category-noticias","category-rectoria","category-rectoria-galerias","tag-actores-academicos","tag-basica","tag-educacion","tag-gubernamental","tag-instituciones-agropecuarias","tag-media","tag-pasto-narino"],"_links":{"self":[{"href":"https:\/\/unintep.edu.co\/portal\/wp-json\/wp\/v2\/posts\/38504","targetHints":{"allow":["GET"]}}],"collection":[{"href":"https:\/\/unintep.edu.co\/portal\/wp-json\/wp\/v2\/posts"}],"about":[{"href":"https:\/\/unintep.edu.co\/portal\/wp-json\/wp\/v2\/types\/post"}],"author":[{"embeddable":true,"href":"https:\/\/unintep.edu.co\/portal\/wp-json\/wp\/v2\/users\/6"}],"replies":[{"embeddable":true,"href":"https:\/\/unintep.edu.co\/portal\/wp-json\/wp\/v2\/comments?post=38504"}],"version-history":[{"count":2,"href":"https:\/\/unintep.edu.co\/portal\/wp-json\/wp\/v2\/posts\/38504\/revisions"}],"predecessor-version":[{"id":38510,"href":"https:\/\/unintep.edu.co\/portal\/wp-json\/wp\/v2\/posts\/38504\/revisions\/38510"}],"wp:featuredmedia":[{"embeddable":true,"href":"https:\/\/unintep.edu.co\/portal\/wp-json\/wp\/v2\/media\/38505"}],"wp:attachment":[{"href":"https:\/\/unintep.edu.co\/portal\/wp-json\/wp\/v2\/media?parent=38504"}],"wp:term":[{"taxonomy":"category","embeddable":true,"href":"https:\/\/unintep.edu.co\/portal\/wp-json\/wp\/v2\/categories?post=38504"},{"taxonomy":"post_tag","embeddable":true,"href":"https:\/\/unintep.edu.co\/portal\/wp-json\/wp\/v2\/tags?post=38504"}],"curies":[{"name":"wp","href":"https:\/\/api.w.org\/{rel}","templated":true}]}}